{"id":523,"date":"2011-01-27T16:40:16","date_gmt":"2011-01-27T16:40:16","guid":{"rendered":"http:\/\/rafal.net\/?p=523"},"modified":"2020-06-18T19:38:38","modified_gmt":"2020-06-18T19:38:38","slug":"opening-of-belonging-in-krakow","status":"publish","type":"post","link":"https:\/\/rafal.net\/pl\/2011\/01\/opening-of-belonging-in-krakow\/","title":{"rendered":"Wernisa\u017c (Be)Longing w Krakowie"},"content":{"rendered":"<p><\/p><div id=\"attachment_527\" style=\"width: 310px\" class=\"wp-caption alignright\"><a href=\"\/pl\/2011\/01\/opening-of-belonging-in-krakow\/karolina-vysata-and-rafal-lukawiecki-at-belonging-exhibition-opening\/\"><img aria-describedby=\"caption-attachment-527\" loading=\"lazy\" class=\"size-medium wp-image-527 \" title=\"Karolina Vy\u0161ata przedstawia Rafa\u0142a \u0141ukawieckiego\" src=\"\/wp-content\/uploads\/2011\/01\/karolina-vysata-and-rafal-lukawiecki-at-belonging-exhibition-opening-300x200.jpg\" alt=\"Karolina Vy\u0161ata przedstawia Rafa\u0142a \u0141ukawieckiego\" width=\"300\" height=\"200\" srcset=\"https:\/\/rafal.net\/wp-content\/uploads\/2011\/01\/karolina-vysata-and-rafal-lukawiecki-at-belonging-exhibition-opening-300x200.jpg 300w, https:\/\/rafal.net\/wp-content\/uploads\/2011\/01\/karolina-vysata-and-rafal-lukawiecki-at-belonging-exhibition-opening.jpg 825w\" sizes=\"(max-width: 300px) 100vw, 300px\"><\/a><p id=\"caption-attachment-527\" class=\"wp-caption-text\">Karolina Vy\u0161ata przed\u00adstawia Rafa\u0142a \u0141ukawieckiego. Zdj\u0119cie \u00a9 Szymon Madej.<\/p><\/div>\n<p>Moja debi\u00adutancka wys\u00adt\u00adawa indy\u00adwidu\u00adalna, <em>(Be)Longing,<\/em> zosta\u0142a otwarta o&nbsp;godzinie <span class=\"numbers\">19<\/span>:<span class=\"numbers\">00<\/span>, w&nbsp;pi\u0105tek, <span class=\"numbers\">14<\/span> stycznia <span class=\"numbers\">2011<\/span>, w&nbsp;Muzeum Witra\u017cu w&nbsp;Krakowie. By\u0142 to dla mnie moment bardzo wzrusza\u00adj\u0105cy, ale nie by\u0142o czasu na \u0142zy: po po\u015bpiechu ostat\u00adnich przy\u00adgo\u00adtowa\u0144, zostali\u015bmy zaskoczeni du\u017c\u0105 grup\u0105 go\u015bci. Planuj\u0105c na <span class=\"numbers\">40<\/span>\u2009\u2013\u2009<span class=\"numbers\">50<\/span> os\u00f3b, mi\u0142\u0105 nies\u00adpodzi\u00adank\u0105 by\u0142o pojawienie si\u0119 a\u017c <span class=\"numbers\">120<\/span> go\u015bci. Dzi\u0119kuj\u0119 Wam!<!--more--><\/p>\n<p>Przyjemno\u015bci\u0105 by\u0142o znowu spotka\u0107 moi\u00adch pat\u00adron\u00f3w i&nbsp;spon\u00adsor\u00f3w. Konsul Jonathan Koehler reprezentowa\u0142 <a href=\"http:\/\/krakow.usconsulate.gov\/event011411lukawiecki.html\" target=\"_blank\" rel=\"noopener noreferrer\">Konsulat Generalny Stan\u00f3w Zjednoczonych<\/a>, razem z&nbsp;pra\u00adcownikami i&nbsp;ich part\u00adnerami. Urszula i&nbsp;Piotr Ostrowscy (<a href=\"http:\/\/muzeumwitrazu.pl\/\" target=\"_blank\" rel=\"noopener noreferrer\">Muzeum Witra\u017cu<\/a>) oraz Nick Goward (<a href=\"http:\/\/sicklittlefox.com\" target=\"_blank\" rel=\"noopener noreferrer\">Sick Little Fox<\/a>) pomagali wit\u00ada\u0107 nad\u00adchodz\u0105\u00adcych. Karolina Vy\u0161ata, kur\u00adat\u00adorka wys\u00adtawy, wyg\u0142osi\u0142a otwi\u00adera\u00adj\u0105ce przem\u00f3wienie i&nbsp;w ten spos\u00f3b pomo\u00adg\u0142a mi zacz\u0105\u0107 cieszy\u0107 si\u0119 tym wieczornym wydarzeniem.<\/p>\n<h2>Reakcje prasy i w sieci<\/h2>\n<div id=\"attachment_529\" style=\"width: 310px\" class=\"wp-caption alignright\"><a href=\"\/pl\/2011\/01\/opening-of-belonging-in-krakow\/rafal-lukawiecki-signing-belonging-photo-book\/\"><img aria-describedby=\"caption-attachment-529\" loading=\"lazy\" class=\"size-medium wp-image-529 \" title=\"Rafa\u0142 \u0141ukawiecki podpisuje sw\u00f3j album (Be)Longing\" src=\"\/wp-content\/uploads\/2011\/01\/rafal-lukawiecki-signing-belonging-photo-book-300x207.jpg\" alt=\"Rafa\u0142 \u0141ukawiecki podpisuje sw\u00f3j album (Be)Longing\" width=\"300\" height=\"207\" srcset=\"https:\/\/rafal.net\/wp-content\/uploads\/2011\/01\/rafal-lukawiecki-signing-belonging-photo-book-300x207.jpg 300w, https:\/\/rafal.net\/wp-content\/uploads\/2011\/01\/rafal-lukawiecki-signing-belonging-photo-book.jpg 796w\" sizes=\"(max-width: 300px) 100vw, 300px\"><\/a><p id=\"caption-attachment-529\" class=\"wp-caption-text\">Rafa\u0142 \u0141ukawiecki pod\u00adpisuje sw\u00f3j album (Be)Longing. Zdj\u0119cie \u00a9 Szymon Madej.<\/p><\/div>\n<div id=\"attachment_528\" style=\"width: 310px\" class=\"wp-caption alignright\"><a href=\"\/pl\/2011\/01\/opening-of-belonging-in-krakow\/opening-night-of-belonging-exhibition\/\"><img aria-describedby=\"caption-attachment-528\" loading=\"lazy\" class=\"size-medium wp-image-528 \" title=\"Wernisa\u017c w Muzeum Witra\u017cu w Krakowie\" src=\"\/wp-content\/uploads\/2011\/01\/opening-night-of-belonging-exhibition-300x200.jpg\" alt=\"Wernisa\u017c w Muzeum Witra\u017cu w Krakowie\" width=\"300\" height=\"200\" srcset=\"https:\/\/rafal.net\/wp-content\/uploads\/2011\/01\/opening-night-of-belonging-exhibition-300x200.jpg 300w, https:\/\/rafal.net\/wp-content\/uploads\/2011\/01\/opening-night-of-belonging-exhibition.jpg 825w\" sizes=\"(max-width: 300px) 100vw, 300px\"><\/a><p id=\"caption-attachment-528\" class=\"wp-caption-text\">Wernisa\u017c w&nbsp;Muzeum Witra\u017cu. Zdj\u0119cie \u00a9 Szymon Madej.<\/p><\/div>\n<p><em>Dziennik Polski<\/em> opub\u00adlikowa\u0142 mi\u0142\u0105 recenzj\u0119 mojej wys\u00adtawy w&nbsp;<a href=\"http:\/\/www.dziennik.krakow.pl\/pl\/aktualnosci\/kultura\/1108596-nietypowy-debiut-fotograficzny-w-muzeum-witrazu.html\" target=\"_blank\" rel=\"noopener noreferrer\">tym artykule<\/a>. Przyjemn\u0105 nies\u00adpodzi\u00adank\u0119 spraw\u00adi\u0142 mi pol\u00adski <em>National Geographic<\/em> umieszcza\u00adj\u0105c wys\u00adtaw\u0119 w&nbsp;swoim <a href=\"http:\/\/www.national-geographic.pl\/kalendarium\/pokaz\/rafal-lukawiecki-belonging\/\" target=\"_blank\" rel=\"noopener noreferrer\">kal\u00aden\u00addari\u00adum<\/a>. Blog <em>Fotomargines<\/em> opub\u00adlikowa\u0142 <a href=\"http:\/\/www.fotomargines.pl\/2011\/01\/24\/wielkoformatowa-fotografia-czarno-biala-\u2013-rozmowa-z-rafalem-lukawieckim\/\" target=\"_blank\" rel=\"noopener noreferrer\">wywiad<\/a> ze mn\u0105. Jest wi\u0119cej wzmi\u00adanek o&nbsp;wys\u00adtaw\u00adie na stronach zajmuj\u0105\u00adcych si\u0119 sztuk\u0105, wydar\u00adzeniami i&nbsp;foto\u00adgrafi\u0105. B\u0119d\u0119 pisa\u0142 na swoim blogu o&nbsp;now\u00adych recenz\u00adjach i&nbsp;artyku\u0142ach.<\/p>\n<p>Wszystkie zdj\u0119\u00adcia umieszczone w&nbsp;tym wpis\u00adie zosta\u0142y zro\u00adbi\u00adone przez mojego przy\u00adja\u00adciela lat szkol\u00adnych, Szymona Madeja. Jego spec\u00adjalno\u015b\u00adci\u0105 s\u0105 sferyczne pan\u00ador\u00adamy o&nbsp;<span class=\"numbers\">360<\/span>\u00b0. Zrobi\u0142 jed\u00adn\u0105 w&nbsp;trakcie wern\u00adisa\u017cu, zobacz j\u0105 <a href=\"http:\/\/panoramy.zbooy.pl\/360\/show.html?max=1&amp;p=belonging-wernisaz&amp;&amp;t=32\" target=\"_blank\" rel=\"noopener noreferrer\">tutaj<\/a> (potrzebny Flash). Na jego stronach jest kilka innych, zro\u00adbi\u00ado\u00adnych w&nbsp;cza\u00adsie wycieczki do Irlandii, kt\u00f3re pokazuj\u0105 m\u00f3j <a href=\"http:\/\/panoramy.zbooy.pl\/360\/show.html?max=1&amp;p=glendalough-upper-lake-aparat&amp;&amp;t=32\" target=\"_blank\" rel=\"noopener noreferrer\">apar\u00adat wielko\u00adform\u00adatowy<\/a> i&nbsp;moj\u0105 <a href=\"http:\/\/panoramy.zbooy.pl\/360\/show.html?max=1&amp;p=ciemnia-odbitki&amp;\" target=\"_blank\" rel=\"noopener noreferrer\">ciem\u00adni\u0119<\/a> w&nbsp;akcji. Dzi\u0119kuj\u0119, <a href=\"http:\/\/zbooy.pl\/\" target=\"_blank\" rel=\"noopener noreferrer\">Zbooyu<\/a>!<\/p>\n<p>Serdecznie dzi\u0119kuj\u0119 wszys\u00adtkim, kt\u00f3rzy mnie wsparli w&nbsp;tej przygodzie.<\/p>\n<p>Wystawa zosta\u0142a zamkni\u0119ta <span class=\"numbers\">6<\/span>&nbsp;marca <span class=\"numbers\">2011<\/span>.<\/p>","protected":false},"excerpt":{"rendered":"<p>Moja debi\u00adutancka wys\u00adt\u00adawa indy\u00adwidu\u00adalna, (Be)Longing, zosta\u0142a otwarta o&nbsp;godzinie <span class=\"numbers\">19<\/span>:<span class=\"numbers\">00<\/span>, w&nbsp;pi\u0105tek, <span class=\"numbers\">14<\/span> stycznia <span class=\"numbers\">2011<\/span>, w&nbsp;Muzeum Witra\u017cu w&nbsp;Krakowie. By\u0142 to dla mnie moment bardzo wzruszaj\u0105cy.<\/p>\n","protected":false},"author":2,"featured_media":527,"comment_status":"open","ping_status":"open","sticky":false,"template":"","format":"standard","meta":{"wp_typography_post_enhancements_disabled":false},"categories":[4],"tags":[34,8,9,36,41],"_links":{"self":[{"href":"https:\/\/rafal.net\/pl\/wp-json\/wp\/v2\/posts\/523"}],"collection":[{"href":"https:\/\/rafal.net\/pl\/wp-json\/wp\/v2\/posts"}],"about":[{"href":"https:\/\/rafal.net\/pl\/wp-json\/wp\/v2\/types\/post"}],"author":[{"embeddable":true,"href":"https:\/\/rafal.net\/pl\/wp-json\/wp\/v2\/users\/2"}],"replies":[{"embeddable":true,"href":"https:\/\/rafal.net\/pl\/wp-json\/wp\/v2\/comments?post=523"}],"version-history":[{"count":1,"href":"https:\/\/rafal.net\/pl\/wp-json\/wp\/v2\/posts\/523\/revisions"}],"predecessor-version":[{"id":1846,"href":"https:\/\/rafal.net\/pl\/wp-json\/wp\/v2\/posts\/523\/revisions\/1846"}],"wp:featuredmedia":[{"embeddable":true,"href":"https:\/\/rafal.net\/pl\/wp-json\/wp\/v2\/media\/527"}],"wp:attachment":[{"href":"https:\/\/rafal.net\/pl\/wp-json\/wp\/v2\/media?parent=523"}],"wp:term":[{"taxonomy":"category","embeddable":true,"href":"https:\/\/rafal.net\/pl\/wp-json\/wp\/v2\/categories?post=523"},{"taxonomy":"post_tag","embeddable":true,"href":"https:\/\/rafal.net\/pl\/wp-json\/wp\/v2\/tags?post=523"}],"curies":[{"name":"wp","href":"https:\/\/api.w.org\/{rel}","templated":true}]}}